{"id":116146,"date":"2022-12-15T15:21:21","date_gmt":"2022-12-15T15:21:21","guid":{"rendered":"https:\/\/notitodo.com.mx\/wp\/?p=116146"},"modified":"2022-12-15T15:21:21","modified_gmt":"2022-12-15T15:21:21","slug":"fondo-municipal-de-proteccion-civil-historico-para-chihuahua-olivia-franco","status":"publish","type":"post","link":"https:\/\/notitodo.com.mx\/wp\/fondo-municipal-de-proteccion-civil-historico-para-chihuahua-olivia-franco\/","title":{"rendered":"Fondo Municipal de Protecci\u00f3n Civil, hist\u00f3rico para Chihuahua: Olivia Franco"},"content":{"rendered":"<p>La creaci\u00f3n del Fondo Municipal de Protecci\u00f3n Civil es un hecho hist\u00f3rico, que servir\u00e1 para proteger vidas de las y los chihuahuenses, indic\u00f3 la S\u00edndica municipal, Olivia Franco, al celebrar que este mi\u00e9rcoles se aprob\u00f3 la iniciativa de reforma al reglamento en la materia.<\/p>\n<p>Cabe recordar que en enero de este a\u00f1o, la S\u00edndica Olivia Franco present\u00f3 esta iniciativa de reforma al Reglamento Municipal de<\/p>\n<p><!--more--><\/p>\n<p>Protecci\u00f3n Civil, mismo que fue discutido en las comisiones unidas de Gobernaci\u00f3n y Trabajo y Previsi\u00f3n Social.<\/p>\n<p>\u201cLa creaci\u00f3n del Fondo Municipal de Protecci\u00f3n Civil es un punto fundamental, ya que ahora deber\u00e1 estar contemplado dentro del Presupuesto de Egresos del 2023, y que nos va a servir mucho para fortalecer el trabajo de nuestra Coordinaci\u00f3n Municipal de Protecci\u00f3n Civil\u201d, indic\u00f3 la S\u00edndica.<\/p>\n<p>Dentro de los puntos m\u00e1s relevantes que quedaron plasmados como parte de este Reglamento, destaca tambi\u00e9n la conformaci\u00f3n de brigadas en la materia, punto introducido por la iniciativa de la S\u00edndica y fortalecido en las mesas de an\u00e1lisis, con lo que ahora quedar\u00e1 plasmado en la norma la obligatoriedad de conformar brigadas de primeros auxilios, de combate a incendios y de evacuaci\u00f3n atendiendo al n\u00famero de personal de cada edificio.<\/p>\n<p>\u201cTenemos que reconocer el trabajo y la participaci\u00f3n sumamente entusiasta de las diferentes c\u00e1maras y organismos empresariales, que aportaron muy buenas sugerencias para el documento final, mi agradecimiento y reconocimiento\u201d, dijo Olivia Franco.<\/p>\n<p>As\u00ed mismo, se fortalecer\u00e1 a las Unidades Internas como las encargadas de dirigir las acciones de Protecci\u00f3n Civil en un establecimiento o edificio y de promover la capacitaci\u00f3n a los integrantes de sus brigadas.<\/p>\n<p>\u201cEs muy importante que los edificios cuenten con sus programas internos de Protecci\u00f3n Civil, el hecho de estar preparados es lo que nos puede llevar a salvar vidas humanas ante cualquier eventualidad\u201d, se\u00f1al\u00f3 Olivia Franco.<\/p>\n","protected":false},"excerpt":{"rendered":"<p>La creaci\u00f3n del Fondo Municipal de Protecci\u00f3n Civil es un hecho hist\u00f3rico, que servir\u00e1 para proteger vidas de las y los chihuahuenses, indic\u00f3 la S\u00edndica municipal, Olivia Franco, al celebrar que este mi\u00e9rcoles se aprob\u00f3 la iniciativa de reforma al reglamento en la materia. Cabe recordar que en enero de este a\u00f1o, la S\u00edndica Olivia [&hellip;]<\/p>\n","protected":false},"author":12,"featured_media":116149,"comment_status":"closed","ping_status":"open","sticky":false,"template":"","format":"standard","meta":{"footnotes":""},"categories":[9],"tags":[],"class_list":["post-116146","post","type-post","status-publish","format-standard","has-post-thumbnail","hentry","category-locales"],"views":11,"_links":{"self":[{"href":"https:\/\/notitodo.com.mx\/wp\/wp-json\/wp\/v2\/posts\/116146","targetHints":{"allow":["GET"]}}],"collection":[{"href":"https:\/\/notitodo.com.mx\/wp\/wp-json\/wp\/v2\/posts"}],"about":[{"href":"https:\/\/notitodo.com.mx\/wp\/wp-json\/wp\/v2\/types\/post"}],"author":[{"embeddable":true,"href":"https:\/\/notitodo.com.mx\/wp\/wp-json\/wp\/v2\/users\/12"}],"replies":[{"embeddable":true,"href":"https:\/\/notitodo.com.mx\/wp\/wp-json\/wp\/v2\/comments?post=116146"}],"version-history":[{"count":1,"href":"https:\/\/notitodo.com.mx\/wp\/wp-json\/wp\/v2\/posts\/116146\/revisions"}],"predecessor-version":[{"id":116150,"href":"https:\/\/notitodo.com.mx\/wp\/wp-json\/wp\/v2\/posts\/116146\/revisions\/116150"}],"wp:featuredmedia":[{"embeddable":true,"href":"https:\/\/notitodo.com.mx\/wp\/wp-json\/wp\/v2\/media\/116149"}],"wp:attachment":[{"href":"https:\/\/notitodo.com.mx\/wp\/wp-json\/wp\/v2\/media?parent=116146"}],"wp:term":[{"taxonomy":"category","embeddable":true,"href":"https:\/\/notitodo.com.mx\/wp\/wp-json\/wp\/v2\/categories?post=116146"},{"taxonomy":"post_tag","embeddable":true,"href":"https:\/\/notitodo.com.mx\/wp\/wp-json\/wp\/v2\/tags?post=116146"}],"curies":[{"name":"wp","href":"https:\/\/api.w.org\/{rel}","templated":true}]}}