{"id":115928,"date":"2022-11-29T23:39:05","date_gmt":"2022-11-29T23:39:05","guid":{"rendered":"https:\/\/notitodo.com.mx\/wp\/?p=115928"},"modified":"2022-11-29T23:39:05","modified_gmt":"2022-11-29T23:39:05","slug":"atiende-gobierno-municipal-a-presidentes-seccionales-y-comisarios-de-la-zona-rural","status":"publish","type":"post","link":"https:\/\/notitodo.com.mx\/wp\/atiende-gobierno-municipal-a-presidentes-seccionales-y-comisarios-de-la-zona-rural\/","title":{"rendered":"Atiende Gobierno Municipal a presidentes seccionales y comisarios de la zona rural"},"content":{"rendered":"<p>Con el objetivo de reforzar la cercan\u00eda con las zonas rurales de Chihuahua Capital, el Gobierno Municipal llev\u00f3 a cabo una reuni\u00f3n con los presidentes seccionales y comisarios de las zonas rurales de El Charco, Guadalupe, Ci\u00e9nega de Ortiz, Colonia Soto y El Sauz.<\/p>\n<p>La reuni\u00f3n fue encabezada por la presidenta del DIF Municipal, Karina Olivas, para hablar de varios temas, donde destaca notificarles a las y los presidentes sobre la campa\u00f1a \u201cAbrigos que abrazan\u201d, y la din\u00e1mica de entrega de prendas invernales, la cual tendr\u00e1 lugar el pr\u00f3ximo mes de diciembre.<\/p>\n<p>En representaci\u00f3n del alcalde Marco Bonilla, el secretario del Ayuntamiento, Santiago De la Pe\u00f1a, exhort\u00f3 a las y los presidentes de las zonas rurales a<\/p>\n<p><!--more--><\/p>\n<p>mostrar ideas, proyectos y necesidades que se tienen contempladas en sus respectivas seccionales para el pr\u00f3ximo a\u00f1o 2023.<\/p>\n<p>\u201cLa importancia del trabajo que todos ustedes hacen en cada uno de los seccionales que representan, es no solo la parte de la visi\u00f3n de gobierno, sino recordemos que la zona rural es la depositaria de todos los valores que representan y que han hecho grande a una ciudad como Chihuahua\u201d, a\u00f1adi\u00f3 Santiago De la Pe\u00f1a<\/p>\n<p>Las y los presidentes y comisarios seccionales agradecieron las atenciones y acordaron que en pr\u00f3ximas fechas se visitar\u00e1 a las zonas rurales para dar seguimiento a las gestiones realizadas durante este convivio.<\/p>\n","protected":false},"excerpt":{"rendered":"<p>Con el objetivo de reforzar la cercan\u00eda con las zonas rurales de Chihuahua Capital, el Gobierno Municipal llev\u00f3 a cabo una reuni\u00f3n con los presidentes seccionales y comisarios de las zonas rurales de El Charco, Guadalupe, Ci\u00e9nega de Ortiz, Colonia Soto y El Sauz. La reuni\u00f3n fue encabezada por la presidenta del DIF Municipal, Karina [&hellip;]<\/p>\n","protected":false},"author":12,"featured_media":115930,"comment_status":"closed","ping_status":"open","sticky":false,"template":"","format":"standard","meta":{"footnotes":""},"categories":[9],"tags":[],"class_list":["post-115928","post","type-post","status-publish","format-standard","has-post-thumbnail","hentry","category-locales"],"views":20,"_links":{"self":[{"href":"https:\/\/notitodo.com.mx\/wp\/wp-json\/wp\/v2\/posts\/115928","targetHints":{"allow":["GET"]}}],"collection":[{"href":"https:\/\/notitodo.com.mx\/wp\/wp-json\/wp\/v2\/posts"}],"about":[{"href":"https:\/\/notitodo.com.mx\/wp\/wp-json\/wp\/v2\/types\/post"}],"author":[{"embeddable":true,"href":"https:\/\/notitodo.com.mx\/wp\/wp-json\/wp\/v2\/users\/12"}],"replies":[{"embeddable":true,"href":"https:\/\/notitodo.com.mx\/wp\/wp-json\/wp\/v2\/comments?post=115928"}],"version-history":[{"count":1,"href":"https:\/\/notitodo.com.mx\/wp\/wp-json\/wp\/v2\/posts\/115928\/revisions"}],"predecessor-version":[{"id":115931,"href":"https:\/\/notitodo.com.mx\/wp\/wp-json\/wp\/v2\/posts\/115928\/revisions\/115931"}],"wp:featuredmedia":[{"embeddable":true,"href":"https:\/\/notitodo.com.mx\/wp\/wp-json\/wp\/v2\/media\/115930"}],"wp:attachment":[{"href":"https:\/\/notitodo.com.mx\/wp\/wp-json\/wp\/v2\/media?parent=115928"}],"wp:term":[{"taxonomy":"category","embeddable":true,"href":"https:\/\/notitodo.com.mx\/wp\/wp-json\/wp\/v2\/categories?post=115928"},{"taxonomy":"post_tag","embeddable":true,"href":"https:\/\/notitodo.com.mx\/wp\/wp-json\/wp\/v2\/tags?post=115928"}],"curies":[{"name":"wp","href":"https:\/\/api.w.org\/{rel}","templated":true}]}}