{"id":115286,"date":"2022-11-13T01:53:45","date_gmt":"2022-11-13T01:53:45","guid":{"rendered":"https:\/\/notitodo.com.mx\/wp\/?p=115286"},"modified":"2022-11-13T01:53:45","modified_gmt":"2022-11-13T01:53:45","slug":"entrega-coprev-reconocimiento-a-programa-para-adolescentes-de-la-dspm","status":"publish","type":"post","link":"https:\/\/notitodo.com.mx\/wp\/entrega-coprev-reconocimiento-a-programa-para-adolescentes-de-la-dspm\/","title":{"rendered":"Entrega COPREV reconocimiento a programa para adolescentes de la DSPM"},"content":{"rendered":"<p>Integrantes del Consejo de Prevenci\u00f3n Social de la Violencia y la Delincuencia (COPREV), llevaron a cabo la sesi\u00f3n ordinaria correspondiente al mes de noviembre, en la cual se hizo entrega de un reconocimiento a quienes participaron en el programa \u201cIntervenci\u00f3n de psicoterapia breve para infractores administrativos\u201d, en el cual participan adolescentes que han cometido faltas al<\/p>\n<p><!--more--><\/p>\n<p>Reglamento de Justicia C\u00edvica.<\/p>\n<p>Los est\u00edmulos fueron entregados por el director de Seguridad P\u00fablica Municipal (DSPM) y presidente de COPREV, Julio C\u00e9sar Salas; Arturo Luj\u00e1n Olivas, director de FICOSEC e integrantes de las cinco comisiones que conforman el Consejo de Prevenci\u00f3n Social de la Violencia y la Delincuencia.<\/p>\n<p>Fue precisamente la Comisi\u00f3n de Proyectos Especiales y su titular, Jes\u00fas Baca, del Claustro Universitario, quien tuvo a su cargo el programa \u201cIntervenci\u00f3n de psicoterapia breve para infractores administrativos\u201d, el cual fue aplicado por \u201cSomos Uni\u00f3n A.C.\u201d y evaluado por la Escuela de Trabajo Social \u201cMaestra Guadalupe S\u00e1nchez de Araiza\u201d.<\/p>\n<p>Los miembros del COPREV se re\u00fanen una vez al mes para analizar los resultados obtenidos previamente y determinar las mejores estrategias que apoyen a la comunidad en la prevenci\u00f3n de cualquier tipo de acciones de violencia que suelen derivar en infracciones o actos il\u00edcitos. Este organismo est\u00e1 compuesto por cinco comisiones: Comisi\u00f3n de fortalecimiento institucional; Comisi\u00f3n de urbanismo social; Comisi\u00f3n de seguridad ciudadana; Comisi\u00f3n de Juventud en Riesgo; y Comisi\u00f3n de Justicia C\u00edvica.<\/p>\n","protected":false},"excerpt":{"rendered":"<p>Integrantes del Consejo de Prevenci\u00f3n Social de la Violencia y la Delincuencia (COPREV), llevaron a cabo la sesi\u00f3n ordinaria correspondiente al mes de noviembre, en la cual se hizo entrega de un reconocimiento a quienes participaron en el programa \u201cIntervenci\u00f3n de psicoterapia breve para infractores administrativos\u201d, en el cual participan adolescentes que han cometido faltas [&hellip;]<\/p>\n","protected":false},"author":12,"featured_media":115288,"comment_status":"closed","ping_status":"open","sticky":false,"template":"","format":"standard","meta":{"footnotes":""},"categories":[9],"tags":[],"class_list":["post-115286","post","type-post","status-publish","format-standard","has-post-thumbnail","hentry","category-locales"],"views":16,"_links":{"self":[{"href":"https:\/\/notitodo.com.mx\/wp\/wp-json\/wp\/v2\/posts\/115286","targetHints":{"allow":["GET"]}}],"collection":[{"href":"https:\/\/notitodo.com.mx\/wp\/wp-json\/wp\/v2\/posts"}],"about":[{"href":"https:\/\/notitodo.com.mx\/wp\/wp-json\/wp\/v2\/types\/post"}],"author":[{"embeddable":true,"href":"https:\/\/notitodo.com.mx\/wp\/wp-json\/wp\/v2\/users\/12"}],"replies":[{"embeddable":true,"href":"https:\/\/notitodo.com.mx\/wp\/wp-json\/wp\/v2\/comments?post=115286"}],"version-history":[{"count":1,"href":"https:\/\/notitodo.com.mx\/wp\/wp-json\/wp\/v2\/posts\/115286\/revisions"}],"predecessor-version":[{"id":115289,"href":"https:\/\/notitodo.com.mx\/wp\/wp-json\/wp\/v2\/posts\/115286\/revisions\/115289"}],"wp:featuredmedia":[{"embeddable":true,"href":"https:\/\/notitodo.com.mx\/wp\/wp-json\/wp\/v2\/media\/115288"}],"wp:attachment":[{"href":"https:\/\/notitodo.com.mx\/wp\/wp-json\/wp\/v2\/media?parent=115286"}],"wp:term":[{"taxonomy":"category","embeddable":true,"href":"https:\/\/notitodo.com.mx\/wp\/wp-json\/wp\/v2\/categories?post=115286"},{"taxonomy":"post_tag","embeddable":true,"href":"https:\/\/notitodo.com.mx\/wp\/wp-json\/wp\/v2\/tags?post=115286"}],"curies":[{"name":"wp","href":"https:\/\/api.w.org\/{rel}","templated":true}]}}