{"id":115117,"date":"2022-11-09T23:34:47","date_gmt":"2022-11-09T23:34:47","guid":{"rendered":"https:\/\/notitodo.com.mx\/wp\/?p=115117"},"modified":"2022-11-09T23:34:47","modified_gmt":"2022-11-09T23:34:47","slug":"senado-declara-validez-de-reforma-que-mantiene-al-ejercito-en-las-calles-hasta-2028","status":"publish","type":"post","link":"https:\/\/notitodo.com.mx\/wp\/senado-declara-validez-de-reforma-que-mantiene-al-ejercito-en-las-calles-hasta-2028\/","title":{"rendered":"Senado declara validez de reforma que mantiene al Ej\u00e9rcito en las calles hasta 2028"},"content":{"rendered":"<p>La reforma que mantiene al Ej\u00e9rcito en tareas de seguridad p\u00fablica hasta 2028 fue declarada constitucional por el Senado luego de su aprobaci\u00f3n en 20 congresos estatales, por lo que fue enviada al Diario Oficial de la Federaci\u00f3n para su publicaci\u00f3n.<\/p>\n<p>Para que una reforma constitucional surta efecto debe ser aprobada por m\u00e1s de dos tercios de<\/p>\n<p><!--more--><\/p>\n<p>los votos de las C\u00e1maras de Diputados y Senadores, y tambi\u00e9n por al menos la mitad m\u00e1s uno de los congresos estatales, es decir de 17 o m\u00e1s.<\/p>\n<p>TE RECOMENDAMOS: Guanajuato rechaza permanencia del Ej\u00e9rcito en las calles hasta 2028<\/p>\n<p>La Secretar\u00eda de la Mesa Directiva realiz\u00f3 el computo de los votos aprobatorios de los congresos de Baja California, Baja California Sur, Campeche, Coahuila, Colima, Chiapas, Hidalgo, Estado de M\u00e9xico, Michoac\u00e1n, Nayarit, Oaxaca, Puebla, Quintana Roo, San Luis Potos\u00ed, Sinaloa, Sonora, Tabasco, Tamaulipas, Veracruz y de la Ciudad de M\u00e9xico.<\/p>\n<p>Adem\u00e1s, dio a conocer que tambi\u00e9n se recibi\u00f3 el voto no aprobatorio del Congreso de Guanajuato.<\/p>\n<p>De esta manera, el presidente de la Mesa Directiva, Alejandro Armenta Mier, emiti\u00f3 la declaratoria constitucional de aprobaci\u00f3n de la reforma al Art\u00edculo Quinto Transitorio del Decreto por el que se reforman, adicionan y derogan diversas disposiciones de la Constituci\u00f3n Pol\u00edtica, en materia de Guardia Nacional, publicado en el Diario Oficial de la Federaci\u00f3n el 26 de marzo de 2019.<\/p>\n<p>As\u00ed, durante los nueve a\u00f1os siguientes a la entrada en vigor del presente Decreto, en tanto la Guardia Nacional desarrolla su estructura, capacidades e implantaci\u00f3n territorial, el presidente de la Rep\u00fablica podr\u00e1 disponer de la Fuerza Armada permanente en tareas de seguridad p\u00fablica. fuente: excelsior<\/p>\n","protected":false},"excerpt":{"rendered":"<p>La reforma que mantiene al Ej\u00e9rcito en tareas de seguridad p\u00fablica hasta 2028 fue declarada constitucional por el Senado luego de su aprobaci\u00f3n en 20 congresos estatales, por lo que fue enviada al Diario Oficial de la Federaci\u00f3n para su publicaci\u00f3n. Para que una reforma constitucional surta efecto debe ser aprobada por m\u00e1s de dos [&hellip;]<\/p>\n","protected":false},"author":12,"featured_media":115119,"comment_status":"closed","ping_status":"open","sticky":false,"template":"","format":"standard","meta":{"footnotes":""},"categories":[6],"tags":[],"class_list":["post-115117","post","type-post","status-publish","format-standard","has-post-thumbnail","hentry","category-nacionales"],"views":127,"_links":{"self":[{"href":"https:\/\/notitodo.com.mx\/wp\/wp-json\/wp\/v2\/posts\/115117","targetHints":{"allow":["GET"]}}],"collection":[{"href":"https:\/\/notitodo.com.mx\/wp\/wp-json\/wp\/v2\/posts"}],"about":[{"href":"https:\/\/notitodo.com.mx\/wp\/wp-json\/wp\/v2\/types\/post"}],"author":[{"embeddable":true,"href":"https:\/\/notitodo.com.mx\/wp\/wp-json\/wp\/v2\/users\/12"}],"replies":[{"embeddable":true,"href":"https:\/\/notitodo.com.mx\/wp\/wp-json\/wp\/v2\/comments?post=115117"}],"version-history":[{"count":1,"href":"https:\/\/notitodo.com.mx\/wp\/wp-json\/wp\/v2\/posts\/115117\/revisions"}],"predecessor-version":[{"id":115120,"href":"https:\/\/notitodo.com.mx\/wp\/wp-json\/wp\/v2\/posts\/115117\/revisions\/115120"}],"wp:featuredmedia":[{"embeddable":true,"href":"https:\/\/notitodo.com.mx\/wp\/wp-json\/wp\/v2\/media\/115119"}],"wp:attachment":[{"href":"https:\/\/notitodo.com.mx\/wp\/wp-json\/wp\/v2\/media?parent=115117"}],"wp:term":[{"taxonomy":"category","embeddable":true,"href":"https:\/\/notitodo.com.mx\/wp\/wp-json\/wp\/v2\/categories?post=115117"},{"taxonomy":"post_tag","embeddable":true,"href":"https:\/\/notitodo.com.mx\/wp\/wp-json\/wp\/v2\/tags?post=115117"}],"curies":[{"name":"wp","href":"https:\/\/api.w.org\/{rel}","templated":true}]}}