{"id":115072,"date":"2022-11-09T23:02:27","date_gmt":"2022-11-09T23:02:27","guid":{"rendered":"https:\/\/notitodo.com.mx\/wp\/?p=115072"},"modified":"2022-11-09T23:02:27","modified_gmt":"2022-11-09T23:02:27","slug":"entrega-dif-municipal-mas-de-un-millon-de-pesos-a-casas-de-cuidado-diario-infantiles","status":"publish","type":"post","link":"https:\/\/notitodo.com.mx\/wp\/entrega-dif-municipal-mas-de-un-millon-de-pesos-a-casas-de-cuidado-diario-infantiles\/","title":{"rendered":"Entrega DIF Municipal m\u00e1s de un mill\u00f3n de pesos a \u201cCasas de Cuidado Diario Infantiles\u201d"},"content":{"rendered":"<p>Con una inversi\u00f3n de 1 mill\u00f3n 275 mil pesos, el Gobierno Municipal, a trav\u00e9s del DIF, realiz\u00f3 la entrega de un est\u00edmulo econ\u00f3mico a la asociaci\u00f3n civil \u201cCasas de Cuidado Diario Infantiles\u201d, para el desarrollo \u00f3ptimo de mil 257 ni\u00f1as, ni\u00f1os y adolescentes, pertenecientes a las 80 estancias.<\/p>\n<p>Desde hace 28 a\u00f1os, \u201cCasas de Cuidado Infantiles\u201d, se ha perfilado como un modelo alternativo para la protecci\u00f3n de<\/p>\n<p><!--more--><\/p>\n<p>las hijas e hijos de madres trabajadoras, que no cuentan con un servicio de guardar\u00eda para el cuidado de los menores de edad a lo largo de su jornada laboral.<\/p>\n<p>La presidenta del DIF Municipal, Karina Olivas, reconoci\u00f3 la ardua labor que realiza esta asociaci\u00f3n civil y mencion\u00f3 en su mensaje: &#8220;Hoy hacemos entrega de este cheque, que simboliza la m\u00e1s profunda convicci\u00f3n de ser la capital de las infancias plenas, de las familias s\u00f3lidas, la capital de la seguridad y la tranquilidad, una capital amiga de la ni\u00f1ez, que trabaja por ella cada d\u00eda y sin bajar la guardia&#8221;.<\/p>\n<p>Por su parte, el director general del DIF Municipal, Mario Garc\u00eda, agradeci\u00f3 a las madres cuidadoras, de las distintas casas de cuidado, por su trabajo y compromiso y hacer un bien a las familias de Chihuahua Capital, a trav\u00e9s del correcto cuidado y atenci\u00f3n a ni\u00f1as, ni\u00f1os y adolescentes.<\/p>\n<p>La presidenta de \u201cCasas de Cuidado Diario Infantiles\u201d, Ana Gabriela Guerrero, explic\u00f3 la importancia de la colaboraci\u00f3n entre el Gobierno Municipal y la sociedad civil organizada que crean conjuntamente, la prevenci\u00f3n del abandono de las ni\u00f1as, ni\u00f1os y adolescentes que son propensos a ser reclutados y utilizados por el crimen organizado, debido a sus condiciones de vida.<\/p>\n<p>Con estas acciones, el Gobierno Municipal refrenda su compromiso de velar por el cuidado, la protecci\u00f3n y la atenci\u00f3n de las ni\u00f1as, ni\u00f1os y adolescentes, as\u00ed como de apoyar a la econom\u00eda de sus familias, por medio del Programa de Becas para la Atenci\u00f3n, Cuidado y Desarrollo Integral de Ni\u00f1as, Ni\u00f1os y Adolescentes de las Casas de Cuidado Diario del municipio de Chihuahua.<\/p>\n","protected":false},"excerpt":{"rendered":"<p>Con una inversi\u00f3n de 1 mill\u00f3n 275 mil pesos, el Gobierno Municipal, a trav\u00e9s del DIF, realiz\u00f3 la entrega de un est\u00edmulo econ\u00f3mico a la asociaci\u00f3n civil \u201cCasas de Cuidado Diario Infantiles\u201d, para el desarrollo \u00f3ptimo de mil 257 ni\u00f1as, ni\u00f1os y adolescentes, pertenecientes a las 80 estancias. Desde hace 28 a\u00f1os, \u201cCasas de Cuidado [&hellip;]<\/p>\n","protected":false},"author":12,"featured_media":115074,"comment_status":"closed","ping_status":"open","sticky":false,"template":"","format":"standard","meta":{"footnotes":""},"categories":[9],"tags":[],"class_list":["post-115072","post","type-post","status-publish","format-standard","has-post-thumbnail","hentry","category-locales"],"views":15,"_links":{"self":[{"href":"https:\/\/notitodo.com.mx\/wp\/wp-json\/wp\/v2\/posts\/115072","targetHints":{"allow":["GET"]}}],"collection":[{"href":"https:\/\/notitodo.com.mx\/wp\/wp-json\/wp\/v2\/posts"}],"about":[{"href":"https:\/\/notitodo.com.mx\/wp\/wp-json\/wp\/v2\/types\/post"}],"author":[{"embeddable":true,"href":"https:\/\/notitodo.com.mx\/wp\/wp-json\/wp\/v2\/users\/12"}],"replies":[{"embeddable":true,"href":"https:\/\/notitodo.com.mx\/wp\/wp-json\/wp\/v2\/comments?post=115072"}],"version-history":[{"count":1,"href":"https:\/\/notitodo.com.mx\/wp\/wp-json\/wp\/v2\/posts\/115072\/revisions"}],"predecessor-version":[{"id":115075,"href":"https:\/\/notitodo.com.mx\/wp\/wp-json\/wp\/v2\/posts\/115072\/revisions\/115075"}],"wp:featuredmedia":[{"embeddable":true,"href":"https:\/\/notitodo.com.mx\/wp\/wp-json\/wp\/v2\/media\/115074"}],"wp:attachment":[{"href":"https:\/\/notitodo.com.mx\/wp\/wp-json\/wp\/v2\/media?parent=115072"}],"wp:term":[{"taxonomy":"category","embeddable":true,"href":"https:\/\/notitodo.com.mx\/wp\/wp-json\/wp\/v2\/categories?post=115072"},{"taxonomy":"post_tag","embeddable":true,"href":"https:\/\/notitodo.com.mx\/wp\/wp-json\/wp\/v2\/tags?post=115072"}],"curies":[{"name":"wp","href":"https:\/\/api.w.org\/{rel}","templated":true}]}}