{"id":114974,"date":"2022-11-09T03:28:00","date_gmt":"2022-11-09T03:28:00","guid":{"rendered":"https:\/\/notitodo.com.mx\/wp\/?p=114974"},"modified":"2022-11-09T03:28:00","modified_gmt":"2022-11-09T03:28:00","slug":"gerard-pique-termina-su-carrera-siendo-expulsado","status":"publish","type":"post","link":"https:\/\/notitodo.com.mx\/wp\/gerard-pique-termina-su-carrera-siendo-expulsado\/","title":{"rendered":"Gerard Piqu\u00e9 termina su carrera\u2026 \u00a1Siendo expulsado"},"content":{"rendered":"<p>El central del Barcelona Gerard Piqu\u00e9 fue expulsado este martes durante el descanso de su \u00faltimo partido como futbolista contra Osasuna en la 14\u00aa jornada de LaLiga, en el que era suplente, por encararse con el \u00e1rbitro.<\/p>\n<p>Piqu\u00e9, que vio la primera parte del encuentro desde el banquillo, se dirigi\u00f3 al \u00e1rbitro al<\/p>\n<p><!--more--><\/p>\n<p>acabar el primer tiempo.<\/p>\n<p>El \u00e1rbitro prefiri\u00f3 no entrar en discusiones con el central, que sigui\u00f3 al colegiado visiblemente enfadado.<\/p>\n","protected":false},"excerpt":{"rendered":"<p>El central del Barcelona Gerard Piqu\u00e9 fue expulsado este martes durante el descanso de su \u00faltimo partido como futbolista contra Osasuna en la 14\u00aa jornada de LaLiga, en el que era suplente, por encararse con el \u00e1rbitro. Piqu\u00e9, que vio la primera parte del encuentro desde el banquillo, se dirigi\u00f3 al \u00e1rbitro al<\/p>\n","protected":false},"author":12,"featured_media":114976,"comment_status":"closed","ping_status":"open","sticky":false,"template":"","format":"standard","meta":{"footnotes":""},"categories":[4],"tags":[],"class_list":["post-114974","post","type-post","status-publish","format-standard","has-post-thumbnail","hentry","category-deportes"],"views":18,"_links":{"self":[{"href":"https:\/\/notitodo.com.mx\/wp\/wp-json\/wp\/v2\/posts\/114974","targetHints":{"allow":["GET"]}}],"collection":[{"href":"https:\/\/notitodo.com.mx\/wp\/wp-json\/wp\/v2\/posts"}],"about":[{"href":"https:\/\/notitodo.com.mx\/wp\/wp-json\/wp\/v2\/types\/post"}],"author":[{"embeddable":true,"href":"https:\/\/notitodo.com.mx\/wp\/wp-json\/wp\/v2\/users\/12"}],"replies":[{"embeddable":true,"href":"https:\/\/notitodo.com.mx\/wp\/wp-json\/wp\/v2\/comments?post=114974"}],"version-history":[{"count":1,"href":"https:\/\/notitodo.com.mx\/wp\/wp-json\/wp\/v2\/posts\/114974\/revisions"}],"predecessor-version":[{"id":114977,"href":"https:\/\/notitodo.com.mx\/wp\/wp-json\/wp\/v2\/posts\/114974\/revisions\/114977"}],"wp:featuredmedia":[{"embeddable":true,"href":"https:\/\/notitodo.com.mx\/wp\/wp-json\/wp\/v2\/media\/114976"}],"wp:attachment":[{"href":"https:\/\/notitodo.com.mx\/wp\/wp-json\/wp\/v2\/media?parent=114974"}],"wp:term":[{"taxonomy":"category","embeddable":true,"href":"https:\/\/notitodo.com.mx\/wp\/wp-json\/wp\/v2\/categories?post=114974"},{"taxonomy":"post_tag","embeddable":true,"href":"https:\/\/notitodo.com.mx\/wp\/wp-json\/wp\/v2\/tags?post=114974"}],"curies":[{"name":"wp","href":"https:\/\/api.w.org\/{rel}","templated":true}]}}