{"id":114498,"date":"2022-10-27T22:29:40","date_gmt":"2022-10-27T22:29:40","guid":{"rendered":"https:\/\/notitodo.com.mx\/wp\/?p=114498"},"modified":"2022-10-27T22:29:40","modified_gmt":"2022-10-27T22:29:40","slug":"disfrutan-ninas-y-ninos-de-kinder-y-primarias-de-planetario-movil","status":"publish","type":"post","link":"https:\/\/notitodo.com.mx\/wp\/disfrutan-ninas-y-ninos-de-kinder-y-primarias-de-planetario-movil\/","title":{"rendered":"Disfrutan ni\u00f1as y ni\u00f1os de k\u00ednder y primarias de Planetario M\u00f3vil"},"content":{"rendered":"<p>Como parte de las acciones para contribuir a la educaci\u00f3n de las y los ni\u00f1os, el Gobierno Municipal, a trav\u00e9s de la Direcci\u00f3n de Desarrollo Humano y Educaci\u00f3n, llev\u00f3 el \u201cPlanetario M\u00f3vil\u201d a 17 escuelas p\u00fablicas en la ciudad, de nivel preescolar y primaria.<\/p>\n<p>Este proyecto \u201cPlanetario M\u00f3vil\u201d tiene como finalidad fomentar los valores, el respeto a los animales y el cuidado del medio ambiente entre los alumnos de<\/p>\n<p><!--more--><\/p>\n<p>escuelas primarias y jardines de ni\u00f1os, a trav\u00e9s de la proyecci\u00f3n de videos y pel\u00edculas.<\/p>\n<p>Para solicitar el planetario es necesario que el director del plantel educativo dirija un oficio al alcalde Marco Antonio Bonilla Mendoza, o a la titular de la Direcci\u00f3n de Desarrollo Humano y Educaci\u00f3n, M\u00f3nica Ivonne Herrera Villanueva, documento que deber\u00e1 entregar en la sede de la dependencia antes mencionada, ubicada en calle Ojinaga n\u00fam. 300, colonia Centro, de lunes a viernes, en un horario de 8:30 a 9:30 horas.<\/p>\n<p>Cabe destacar que este programa est\u00e1 dirigido a escuelas p\u00fablicas con domicilio en el municipio de Chihuahua, por lo que no tiene ning\u00fan costo para las interesadas en participar.<\/p>\n<p>Para mayor informaci\u00f3n marcar al 072 o 614-200-48-00, extensi\u00f3n 6512 o 6582, con l\u00ednea directa a la Subdirecci\u00f3n de Educaci\u00f3n.<\/p>\n","protected":false},"excerpt":{"rendered":"<p>Como parte de las acciones para contribuir a la educaci\u00f3n de las y los ni\u00f1os, el Gobierno Municipal, a trav\u00e9s de la Direcci\u00f3n de Desarrollo Humano y Educaci\u00f3n, llev\u00f3 el \u201cPlanetario M\u00f3vil\u201d a 17 escuelas p\u00fablicas en la ciudad, de nivel preescolar y primaria. Este proyecto \u201cPlanetario M\u00f3vil\u201d tiene como finalidad fomentar los valores, el [&hellip;]<\/p>\n","protected":false},"author":12,"featured_media":114500,"comment_status":"closed","ping_status":"open","sticky":false,"template":"","format":"standard","meta":{"footnotes":""},"categories":[9],"tags":[],"class_list":["post-114498","post","type-post","status-publish","format-standard","has-post-thumbnail","hentry","category-locales"],"views":33,"_links":{"self":[{"href":"https:\/\/notitodo.com.mx\/wp\/wp-json\/wp\/v2\/posts\/114498","targetHints":{"allow":["GET"]}}],"collection":[{"href":"https:\/\/notitodo.com.mx\/wp\/wp-json\/wp\/v2\/posts"}],"about":[{"href":"https:\/\/notitodo.com.mx\/wp\/wp-json\/wp\/v2\/types\/post"}],"author":[{"embeddable":true,"href":"https:\/\/notitodo.com.mx\/wp\/wp-json\/wp\/v2\/users\/12"}],"replies":[{"embeddable":true,"href":"https:\/\/notitodo.com.mx\/wp\/wp-json\/wp\/v2\/comments?post=114498"}],"version-history":[{"count":1,"href":"https:\/\/notitodo.com.mx\/wp\/wp-json\/wp\/v2\/posts\/114498\/revisions"}],"predecessor-version":[{"id":114501,"href":"https:\/\/notitodo.com.mx\/wp\/wp-json\/wp\/v2\/posts\/114498\/revisions\/114501"}],"wp:featuredmedia":[{"embeddable":true,"href":"https:\/\/notitodo.com.mx\/wp\/wp-json\/wp\/v2\/media\/114500"}],"wp:attachment":[{"href":"https:\/\/notitodo.com.mx\/wp\/wp-json\/wp\/v2\/media?parent=114498"}],"wp:term":[{"taxonomy":"category","embeddable":true,"href":"https:\/\/notitodo.com.mx\/wp\/wp-json\/wp\/v2\/categories?post=114498"},{"taxonomy":"post_tag","embeddable":true,"href":"https:\/\/notitodo.com.mx\/wp\/wp-json\/wp\/v2\/tags?post=114498"}],"curies":[{"name":"wp","href":"https:\/\/api.w.org\/{rel}","templated":true}]}}