{"id":114438,"date":"2022-10-27T02:36:44","date_gmt":"2022-10-27T02:36:44","guid":{"rendered":"https:\/\/notitodo.com.mx\/wp\/?p=114438"},"modified":"2022-10-27T02:36:44","modified_gmt":"2022-10-27T02:36:44","slug":"inaugura-pri-municipal-modulo-de-atencion-a-la-salud-mental-para-publico-en-general","status":"publish","type":"post","link":"https:\/\/notitodo.com.mx\/wp\/inaugura-pri-municipal-modulo-de-atencion-a-la-salud-mental-para-publico-en-general\/","title":{"rendered":"INAUGURA PRI MUNICIPAL M\u00d3DULO DE ATENCI\u00d3N A LA  SALUD MENTAL, PARA P\u00daBLICO EN GENERAL"},"content":{"rendered":"<p>El d\u00eda de ayer, en el marco de las actividades del mes de la lucha contra el c\u00e1ncer de mama, el Comit\u00e9 Directivo Municipal del Partido Revolucionario Institucional (PRI) en Chihuahua, encabezado por su dirigente Rosy Carmona, inaugur\u00f3 un m\u00f3dulo designando a la atenci\u00f3n a la salud mental.<\/p>\n<p>Gracias a un convenio de colaboraci\u00f3n con una instituci\u00f3n de la sociedad civil dedicada a este tema, es que se ponen a disposici\u00f3n de militantes, simpatizantes y p\u00fablico en general los servicios de atenci\u00f3n a la salud mental, atendido por un<\/p>\n<p><!--more--><\/p>\n<p>grupo de especialistas encabezados por el Dr. Iv\u00e1n Avalos, quienes trabajar\u00e1n un programa enfocado en la evaluaci\u00f3n, diagn\u00f3stico y tratamiento psicol\u00f3gico.<\/p>\n<p>En su participaci\u00f3n, la Presidente del PRI Municipal, Rosy Carmona, se\u00f1al\u00f3 que \u201cse tiene el compromiso en las causas sociales de nuestra sociedad en la capital, en esta ocasi\u00f3n ocup\u00e1ndose en un tema tan sensible y que adolece tanto a las y los chihuahuenses como lo es la salud\u201d.<\/p>\n<p>\u201cGracias a las gestiones que hacen los Diputados y nuestra regidora del PRI, Ana Lilia Orozco, se podr\u00e1n atender casos en cuanto a prevenci\u00f3n a suicidios, inteligencia emocional, contenci\u00f3n, y adem\u00e1s se van a llevar pl\u00e1ticas de diferentes temas a las colonias de la ciudad\u201d \u2013 a\u00f1adi\u00f3-<\/p>\n<p>En el PRI Municipal tambi\u00e9n se apoya a la ciudadan\u00eda con asesoramiento jur\u00eddico, corte de cabello, consultas m\u00e9dicas y centro de acopio de medicamentos, atendido debidamente por especialistas.<\/p>\n<p>Dichos m\u00f3dulos se encuentran dentro de las instalaciones del Comit\u00e9 Municipal, localizadas en la calle Progreso #81, colonia San Pedro y se podr\u00e1 hacer cita y consultar disponibilidad a trav\u00e9s del n\u00famero de tel\u00e9fono 614 3 35 50 30 y 614 443 37 33.<\/p>\n<p>A la inauguraci\u00f3n asistieron presidentes seccionales, Ana Lilia Orozco Ortiz, Regidora del Ayuntamiento de Chihuahua; \u00d3scar Derma, Secretario General del CDM; Cruz Guadalupe Ferra, doctora y coordinadora del consultorio m\u00e9dico y los ex Presidentes del Comit\u00e9 Municipal, Andr\u00e9s de la O y Blanca Valenzuela.<\/p>\n","protected":false},"excerpt":{"rendered":"<p>El d\u00eda de ayer, en el marco de las actividades del mes de la lucha contra el c\u00e1ncer de mama, el Comit\u00e9 Directivo Municipal del Partido Revolucionario Institucional (PRI) en Chihuahua, encabezado por su dirigente Rosy Carmona, inaugur\u00f3 un m\u00f3dulo designando a la atenci\u00f3n a la salud mental. Gracias a un convenio de colaboraci\u00f3n con [&hellip;]<\/p>\n","protected":false},"author":12,"featured_media":114440,"comment_status":"closed","ping_status":"open","sticky":false,"template":"","format":"standard","meta":{"footnotes":""},"categories":[9],"tags":[],"class_list":["post-114438","post","type-post","status-publish","format-standard","has-post-thumbnail","hentry","category-locales"],"views":39,"_links":{"self":[{"href":"https:\/\/notitodo.com.mx\/wp\/wp-json\/wp\/v2\/posts\/114438","targetHints":{"allow":["GET"]}}],"collection":[{"href":"https:\/\/notitodo.com.mx\/wp\/wp-json\/wp\/v2\/posts"}],"about":[{"href":"https:\/\/notitodo.com.mx\/wp\/wp-json\/wp\/v2\/types\/post"}],"author":[{"embeddable":true,"href":"https:\/\/notitodo.com.mx\/wp\/wp-json\/wp\/v2\/users\/12"}],"replies":[{"embeddable":true,"href":"https:\/\/notitodo.com.mx\/wp\/wp-json\/wp\/v2\/comments?post=114438"}],"version-history":[{"count":1,"href":"https:\/\/notitodo.com.mx\/wp\/wp-json\/wp\/v2\/posts\/114438\/revisions"}],"predecessor-version":[{"id":114441,"href":"https:\/\/notitodo.com.mx\/wp\/wp-json\/wp\/v2\/posts\/114438\/revisions\/114441"}],"wp:featuredmedia":[{"embeddable":true,"href":"https:\/\/notitodo.com.mx\/wp\/wp-json\/wp\/v2\/media\/114440"}],"wp:attachment":[{"href":"https:\/\/notitodo.com.mx\/wp\/wp-json\/wp\/v2\/media?parent=114438"}],"wp:term":[{"taxonomy":"category","embeddable":true,"href":"https:\/\/notitodo.com.mx\/wp\/wp-json\/wp\/v2\/categories?post=114438"},{"taxonomy":"post_tag","embeddable":true,"href":"https:\/\/notitodo.com.mx\/wp\/wp-json\/wp\/v2\/tags?post=114438"}],"curies":[{"name":"wp","href":"https:\/\/api.w.org\/{rel}","templated":true}]}}