{"id":111106,"date":"2022-07-12T07:08:10","date_gmt":"2022-07-12T07:08:10","guid":{"rendered":"https:\/\/notitodo.com.mx\/wp\/?p=111106"},"modified":"2022-07-12T07:08:10","modified_gmt":"2022-07-12T07:08:10","slug":"invita-estado-a-las-ferias-regionales-juntos-producimos","status":"publish","type":"post","link":"https:\/\/notitodo.com.mx\/wp\/invita-estado-a-las-ferias-regionales-juntos-producimos\/","title":{"rendered":"Invita Estado a las \u201cFerias Regionales, Juntos Producimos\u201d"},"content":{"rendered":"<p>Con el objetivo de fomentar la promoci\u00f3n y comercializaci\u00f3n de productos regionales, en beneficio de las y los peque\u00f1os productores y artesanos de la entidad, Gobierno del Estado, a trav\u00e9s de la Secretar\u00eda de Desarrollo Humano y Bien com\u00fan (SDHyBC) invita a la poblaci\u00f3n, a las \u201cFerias Regionales, Juntos Producimos\u201d.<\/p>\n<p><!--more--><\/p>\n<p>En rueda de prensa, el titular de la SDHyBC, Ignacio Galicia de Luna, destac\u00f3 el inter\u00e9s de la gobernadora Maru Campos Galv\u00e1n, por generar sinergia con los municipios, para impulsar la econom\u00eda de todas las zonas del estado, y apoyar a quienes comienzan a emprender con sus peque\u00f1os negocios, para salir adelante.<\/p>\n<p>\u201cQuiero agradecer la participaci\u00f3n de cuatro municipios que se comprometieron a promover estas ferias, se trata de Delicias, Chihuahua, Nuevo Casas Grandes e Hidalgo del Parral, que ser\u00e1n sedes y recibir\u00e1n aproximadamente 900 productores de sus alrededores\u201d, agreg\u00f3.<\/p>\n<p>Ignacio Galicia se\u00f1al\u00f3 que como parte de estas ferias, se ofrecer\u00e1n stands gratuitos para que las y los emprendedores oferten sus productos, y puedan as\u00ed incrementar sus ventas y generar una importante derrama econ\u00f3mica para sus regiones.<\/p>\n<p>Durante la presentaci\u00f3n del evento, el alcalde de Delicias, Jes\u00fas Alberto Valenciano Garc\u00eda y la alcaldesa de Nuevo Casas Grandes, Cinthia Marina Ceballos Delgado, reconocieron el esfuerzo de la gobernadora Maru Campos. de impulsar la econom\u00eda del estado mediante estas ferias, ya que ser\u00e1n un importante espacio de negocios, con la ciudadan\u00eda y una oportunidad para realizar la distribuci\u00f3n a mayor escala.<\/p>\n<p>Se detall\u00f3 que la agenda de las ferias arranca en el municipio de Delicias del 14 al 31 de julio, posteriormente en Chihuahua del 18 al 20 de agosto, en Nuevo Casas Grandes del 2 al 4 de septiembre y en Parral del 30 de octubre al 3 de noviembre.<\/p>\n<p>Participar\u00e1n productores de Camargo, La Cruz, Jim\u00e9nez, Saucillo, Rosales, San Francisco de Conchos, Julimes, Nuevo Casas Grandes, Chihuahua, Aldama, Aquiles Serd\u00e1n, Santa Isabel, Riva Palacio, Satev\u00f3, Namiquipa, Cuauht\u00e9moc, Casas Grandes, Galeana, Buenaventura, Janos, Ascensi\u00f3n, Parral, Rosario, Matamoros, Coronado, L\u00f3pez, Santa B\u00e1rbara, San Francisco del Oro, Balleza, El Tule, Huejotit\u00e1n, Allende y Valle de Zaragoza.<\/p>\n<p>Se cont\u00f3 tambi\u00e9n con la presencia de Armando Guti\u00e9rrez Torres, director de Desarrollo Rural del Municipio de Chihuahua; Enrique Rasc\u00f3n Carrillo, titular de la Comisi\u00f3n Estatal para los Pueblos Ind\u00edgenas; Alejandra Enr\u00edquez Guti\u00e9rrez, secretaria de Cultura, y Ulises Fern\u00e1ndez Gamboa, subsecretario de Innovaci\u00f3n y Desarrollo Econ\u00f3mico.<\/p>\n","protected":false},"excerpt":{"rendered":"<p>Con el objetivo de fomentar la promoci\u00f3n y comercializaci\u00f3n de productos regionales, en beneficio de las y los peque\u00f1os productores y artesanos de la entidad, Gobierno del Estado, a trav\u00e9s de la Secretar\u00eda de Desarrollo Humano y Bien com\u00fan (SDHyBC) invita a la poblaci\u00f3n, a las \u201cFerias Regionales, Juntos Producimos\u201d.<\/p>\n","protected":false},"author":12,"featured_media":111108,"comment_status":"closed","ping_status":"open","sticky":false,"template":"","format":"standard","meta":{"footnotes":""},"categories":[7],"tags":[],"class_list":["post-111106","post","type-post","status-publish","format-standard","has-post-thumbnail","hentry","category-estatales"],"views":40,"_links":{"self":[{"href":"https:\/\/notitodo.com.mx\/wp\/wp-json\/wp\/v2\/posts\/111106","targetHints":{"allow":["GET"]}}],"collection":[{"href":"https:\/\/notitodo.com.mx\/wp\/wp-json\/wp\/v2\/posts"}],"about":[{"href":"https:\/\/notitodo.com.mx\/wp\/wp-json\/wp\/v2\/types\/post"}],"author":[{"embeddable":true,"href":"https:\/\/notitodo.com.mx\/wp\/wp-json\/wp\/v2\/users\/12"}],"replies":[{"embeddable":true,"href":"https:\/\/notitodo.com.mx\/wp\/wp-json\/wp\/v2\/comments?post=111106"}],"version-history":[{"count":1,"href":"https:\/\/notitodo.com.mx\/wp\/wp-json\/wp\/v2\/posts\/111106\/revisions"}],"predecessor-version":[{"id":111109,"href":"https:\/\/notitodo.com.mx\/wp\/wp-json\/wp\/v2\/posts\/111106\/revisions\/111109"}],"wp:featuredmedia":[{"embeddable":true,"href":"https:\/\/notitodo.com.mx\/wp\/wp-json\/wp\/v2\/media\/111108"}],"wp:attachment":[{"href":"https:\/\/notitodo.com.mx\/wp\/wp-json\/wp\/v2\/media?parent=111106"}],"wp:term":[{"taxonomy":"category","embeddable":true,"href":"https:\/\/notitodo.com.mx\/wp\/wp-json\/wp\/v2\/categories?post=111106"},{"taxonomy":"post_tag","embeddable":true,"href":"https:\/\/notitodo.com.mx\/wp\/wp-json\/wp\/v2\/tags?post=111106"}],"curies":[{"name":"wp","href":"https:\/\/api.w.org\/{rel}","templated":true}]}}