{"id":110926,"date":"2022-07-06T06:51:47","date_gmt":"2022-07-06T06:51:47","guid":{"rendered":"https:\/\/notitodo.com.mx\/wp\/?p=110926"},"modified":"2022-07-06T06:51:47","modified_gmt":"2022-07-06T06:51:47","slug":"invita-gobierno-municipal-a-concierto-celebremos-juntos-del-conservatorio-de-musica","status":"publish","type":"post","link":"https:\/\/notitodo.com.mx\/wp\/invita-gobierno-municipal-a-concierto-celebremos-juntos-del-conservatorio-de-musica\/","title":{"rendered":"Invita Gobierno Municipal a concierto \u201cCelebremos Juntos\u201d del Conservatorio de M\u00fasica"},"content":{"rendered":"<p>El Gobierno Municipal de Chihuahua, a trav\u00e9s del Instituto de Cultura del Municipio (ICM), llevar\u00e1 a cabo el concierto denominado \u201cCelebremos Juntos\u201d, como parte de los festejos del 25 aniversario del Conservatorio de M\u00fasica de Chihuahua, evento que se llevar\u00e1 a cabo en el Teatro de la Ciudad el pr\u00f3ximo jueves 7 de julio en punto de las 19:00 horas.<br \/>\n<!--more--><\/p>\n<p>En el evento participar\u00e1 la orquesta de esta prestigiosa instituci\u00f3n acad\u00e9mica, con la interpretaci\u00f3n de melod\u00edas como Danz\u00f3n \u201cJu\u00e1rez\u201d, \u201cDos gardenias\u201d, \u201cSolamente una vez\u201d, entre otras obras populares, as\u00ed como, obras del compositor y catedr\u00e1tico del Conservatorio, Manuel Guti\u00e9rrez, acompa\u00f1ados del Grupo de Danza Mak\u00farawe.<\/p>\n<p>Este evento tiene como finalidad recaudar fondos para la adquisici\u00f3n de equipo tecnol\u00f3gico y mejoras que permitan seguir brindando una educaci\u00f3n de excelencia a los j\u00f3venes talentos, dentro del Conservatorio de M\u00fasica.<\/p>\n<p>El donativo sugerido es de 100 pesos, los boletos se pueden adquirir en el Teatro de la Ciudad y en las oficinas del Conservatorio en un horario de 9:00 am a 4:00 pm, teniendo tambi\u00e9n la oportunidad de adquirirlos en taquilla el d\u00eda del evento.<\/p>\n<p>Para mayores informes, los interesados pueden comunicarse al tel\u00e9fono 614-416-15-08, en donde atender\u00e1n todas sus dudas e inquietudes.<\/p>\n","protected":false},"excerpt":{"rendered":"<p>El Gobierno Municipal de Chihuahua, a trav\u00e9s del Instituto de Cultura del Municipio (ICM), llevar\u00e1 a cabo el concierto denominado \u201cCelebremos Juntos\u201d, como parte de los festejos del 25 aniversario del Conservatorio de M\u00fasica de Chihuahua, evento que se llevar\u00e1 a cabo en el Teatro de la Ciudad el pr\u00f3ximo jueves 7 de julio en [&hellip;]<\/p>\n","protected":false},"author":12,"featured_media":110928,"comment_status":"closed","ping_status":"open","sticky":false,"template":"","format":"standard","meta":{"footnotes":""},"categories":[9],"tags":[],"class_list":["post-110926","post","type-post","status-publish","format-standard","has-post-thumbnail","hentry","category-locales"],"views":28,"_links":{"self":[{"href":"https:\/\/notitodo.com.mx\/wp\/wp-json\/wp\/v2\/posts\/110926","targetHints":{"allow":["GET"]}}],"collection":[{"href":"https:\/\/notitodo.com.mx\/wp\/wp-json\/wp\/v2\/posts"}],"about":[{"href":"https:\/\/notitodo.com.mx\/wp\/wp-json\/wp\/v2\/types\/post"}],"author":[{"embeddable":true,"href":"https:\/\/notitodo.com.mx\/wp\/wp-json\/wp\/v2\/users\/12"}],"replies":[{"embeddable":true,"href":"https:\/\/notitodo.com.mx\/wp\/wp-json\/wp\/v2\/comments?post=110926"}],"version-history":[{"count":1,"href":"https:\/\/notitodo.com.mx\/wp\/wp-json\/wp\/v2\/posts\/110926\/revisions"}],"predecessor-version":[{"id":110929,"href":"https:\/\/notitodo.com.mx\/wp\/wp-json\/wp\/v2\/posts\/110926\/revisions\/110929"}],"wp:featuredmedia":[{"embeddable":true,"href":"https:\/\/notitodo.com.mx\/wp\/wp-json\/wp\/v2\/media\/110928"}],"wp:attachment":[{"href":"https:\/\/notitodo.com.mx\/wp\/wp-json\/wp\/v2\/media?parent=110926"}],"wp:term":[{"taxonomy":"category","embeddable":true,"href":"https:\/\/notitodo.com.mx\/wp\/wp-json\/wp\/v2\/categories?post=110926"},{"taxonomy":"post_tag","embeddable":true,"href":"https:\/\/notitodo.com.mx\/wp\/wp-json\/wp\/v2\/tags?post=110926"}],"curies":[{"name":"wp","href":"https:\/\/api.w.org\/{rel}","templated":true}]}}