{"id":109679,"date":"2022-05-28T04:55:07","date_gmt":"2022-05-28T04:55:07","guid":{"rendered":"https:\/\/notitodo.com.mx\/wp\/?p=109679"},"modified":"2022-05-28T04:55:07","modified_gmt":"2022-05-28T04:55:07","slug":"disfrutan-mas-de-mil-200-personas-en-cuauhtemoc-homenaje-a-jose-alfredo-jimenez-con-la-ofech","status":"publish","type":"post","link":"https:\/\/notitodo.com.mx\/wp\/disfrutan-mas-de-mil-200-personas-en-cuauhtemoc-homenaje-a-jose-alfredo-jimenez-con-la-ofech\/","title":{"rendered":"Disfrutan m\u00e1s de mil 200 personas en Cuauht\u00e9moc  homenaje a Jos\u00e9 Alfredo Jim\u00e9nez con la OFECH"},"content":{"rendered":"<p>La Secretar\u00eda de Cultura, en alianza con el Instituto de Cultura del Municipio de Cuauht\u00e9moc, present\u00f3 el concierto \u201cUn mundo raro, homenaje a Jos\u00e9 Alfredo Jim\u00e9nez\u201d, a cargo de la Orquesta Filarm\u00f3nica del Estado de Chihuahua (OFECH), logrando un lleno total en el auditorio de las Tres Culturas.<!--more--><\/p>\n<p>Se cont\u00f3 adem\u00e1s con la participaci\u00f3n del tenor Juan Carlos Heredia, cantante chihuahuense de gran trayectoria, ganador del primer lugar en el certamen dirigido y creado por Pl\u00e1cido Domingo, \u201cOperalia 2016\u201d, y quien actualmente prepara el repertorio para participar en diversas puestas en escena, galas oper\u00edsticas y concursos en M\u00e9xico, Corea Del Sur y Espa\u00f1a.<\/p>\n<p>El evento se realiz\u00f3 en el marco de la XXIX edici\u00f3n del Festival de las Tres Culturas, donde en colaboraci\u00f3n con la Asociaci\u00f3n Filarm\u00f3nica de Chihuahua, las y los cuauhtemenses disfrutaron de esta interpretaci\u00f3n de las canciones populares de uno de los m\u00e1s grandes cantautores de la m\u00fasica tradicional mexicana.<\/p>\n<p>M\u00e1s de mil 200 personas corearon temas como \u201cSerenata Huasteca\u201d, \u201cSi Nos Dejan\u201d, \u201cLa media vuelta\u201d, \u201cTe solt\u00e9 la rienda\u201d, \u201cPaloma querida\u201d, entre otras entra\u00f1ables canciones de Jos\u00e9 Alfredo Jim\u00e9nez.<\/p>\n<p>Con 29 ediciones, el Festival de las Tres Culturas se caracteriza por ser uno de los m\u00e1s emblem\u00e1ticos de Cuauht\u00e9moc y del estado, que, a\u00f1o con a\u00f1o, re\u00fane diversas presentaciones art\u00edsticas y culturales como la carrera pedestre de las Tres Culturas, as\u00ed como exposiciones de ballet folkl\u00f3rico, pict\u00f3ricas y fotogr\u00e1ficas y presentaciones literarias entre otras.<\/p>\n<p>La OFECH ha forjado en sus m\u00e1s de 20 a\u00f1os, un legado de alta calidad, que adem\u00e1s de los tradicionales conciertos de m\u00fasica cl\u00e1sica, de c\u00e1mara, populares, infantiles y familiares, incluye \u00f3peras,<\/p>\n<p>Con estas acciones, se reafirma el compromiso de la Secretar\u00eda de Cultura, brindar m\u00e1s espacios para ejercer los derechos culturales de la poblaci\u00f3n, en todas las regiones del estado y para todos los p\u00fablicos.<\/p>\n","protected":false},"excerpt":{"rendered":"<p>La Secretar\u00eda de Cultura, en alianza con el Instituto de Cultura del Municipio de Cuauht\u00e9moc, present\u00f3 el concierto \u201cUn mundo raro, homenaje a Jos\u00e9 Alfredo Jim\u00e9nez\u201d, a cargo de la Orquesta Filarm\u00f3nica del Estado de Chihuahua (OFECH), logrando un lleno total en el auditorio de las Tres Culturas.<\/p>\n","protected":false},"author":12,"featured_media":109681,"comment_status":"closed","ping_status":"open","sticky":false,"template":"","format":"standard","meta":{"footnotes":""},"categories":[7],"tags":[],"class_list":["post-109679","post","type-post","status-publish","format-standard","has-post-thumbnail","hentry","category-estatales"],"views":40,"_links":{"self":[{"href":"https:\/\/notitodo.com.mx\/wp\/wp-json\/wp\/v2\/posts\/109679","targetHints":{"allow":["GET"]}}],"collection":[{"href":"https:\/\/notitodo.com.mx\/wp\/wp-json\/wp\/v2\/posts"}],"about":[{"href":"https:\/\/notitodo.com.mx\/wp\/wp-json\/wp\/v2\/types\/post"}],"author":[{"embeddable":true,"href":"https:\/\/notitodo.com.mx\/wp\/wp-json\/wp\/v2\/users\/12"}],"replies":[{"embeddable":true,"href":"https:\/\/notitodo.com.mx\/wp\/wp-json\/wp\/v2\/comments?post=109679"}],"version-history":[{"count":1,"href":"https:\/\/notitodo.com.mx\/wp\/wp-json\/wp\/v2\/posts\/109679\/revisions"}],"predecessor-version":[{"id":109682,"href":"https:\/\/notitodo.com.mx\/wp\/wp-json\/wp\/v2\/posts\/109679\/revisions\/109682"}],"wp:featuredmedia":[{"embeddable":true,"href":"https:\/\/notitodo.com.mx\/wp\/wp-json\/wp\/v2\/media\/109681"}],"wp:attachment":[{"href":"https:\/\/notitodo.com.mx\/wp\/wp-json\/wp\/v2\/media?parent=109679"}],"wp:term":[{"taxonomy":"category","embeddable":true,"href":"https:\/\/notitodo.com.mx\/wp\/wp-json\/wp\/v2\/categories?post=109679"},{"taxonomy":"post_tag","embeddable":true,"href":"https:\/\/notitodo.com.mx\/wp\/wp-json\/wp\/v2\/tags?post=109679"}],"curies":[{"name":"wp","href":"https:\/\/api.w.org\/{rel}","templated":true}]}}