{"id":108954,"date":"2022-05-05T23:13:16","date_gmt":"2022-05-05T23:13:16","guid":{"rendered":"https:\/\/notitodo.com.mx\/wp\/?p=108954"},"modified":"2022-05-06T05:15:12","modified_gmt":"2022-05-06T05:15:12","slug":"lleva-proteccion-civil-estatal-apoyos-a-combatientes-de-incendios-forestales-en-la-zona-serrana","status":"publish","type":"post","link":"https:\/\/notitodo.com.mx\/wp\/lleva-proteccion-civil-estatal-apoyos-a-combatientes-de-incendios-forestales-en-la-zona-serrana\/","title":{"rendered":"Lleva Protecci\u00f3n Civil Estatal apoyos a combatientes de incendios forestales en la zona serrana"},"content":{"rendered":"<p>La Coordinaci\u00f3n Estatal de Protecci\u00f3n Civil (CEPC), entreg\u00f3 en el municipio de Tem\u00f3sachic apoyos diversos a familias y brigadistas que colaboran en el combate de incendios forestales.<\/p>\n<p aria-hidden=\"true\"><!--more--><\/p>\n<p>Se trata de apoyos que fueron recabados en coordinaci\u00f3n con el DIF Estatal Chihuahua y la Direcci\u00f3n de Desarrollo Forestal, de la Secretar\u00eda de Desarrollo Rural (SDR).<\/p>\n<p>Adem\u00e1s, la Asociaci\u00f3n de Maquiladoras y Exportadoras (INDEX) aport\u00f3 2 mil litros de agua embotellada.<\/p>\n<p>El personal operativo de la CEPC entreg\u00f3 los insumos a familias de la comunidad de Bab\u00edcora de Conoachi, mientras que en Yepachi, los apoyos fueron distribuidos entre brigadistas contra incendios que operan en la regi\u00f3n.<\/p>\n<p>La CEPC, en coordinaci\u00f3n con el DIF Estatal y la SDR, continuar\u00e1 trabajando en apoyo a este sector.<\/p>\n<p>La dependencia estatal hizo adem\u00e1s un exhorto a la poblaci\u00f3n a seguir las medidas para prevenir incendios forestales.<\/p>\n<p><strong>RECOMENDACIONES:<\/strong><\/p>\n<p>\u2022 No hagas fogatas<\/p>\n<p>\u2022 No tires basura<\/p>\n<p>\u2022 No arrojes cerillos o cigarros encendidos en la carretera y menos en medio del bosque<\/p>\n<p>\u2022 Pide ayuda de inmediato si hay fuego fuera de control, ponte a salvo y avisa a las autoridades<\/p>\n<p>\u2022 Para reportar incendios forestales, llamar al 9-1-1 \u00f3 al 800 737 00 00 de la Conafor<\/p>\n","protected":false},"excerpt":{"rendered":"<p>La Coordinaci\u00f3n Estatal de Protecci\u00f3n Civil (CEPC), entreg\u00f3 en el municipio de Tem\u00f3sachic apoyos diversos a familias y brigadistas que colaboran en el combate de incendios forestales.<\/p>\n","protected":false},"author":19,"featured_media":108957,"comment_status":"closed","ping_status":"open","sticky":false,"template":"","format":"standard","meta":{"footnotes":""},"categories":[7],"tags":[],"class_list":["post-108954","post","type-post","status-publish","format-standard","has-post-thumbnail","hentry","category-estatales"],"views":5,"_links":{"self":[{"href":"https:\/\/notitodo.com.mx\/wp\/wp-json\/wp\/v2\/posts\/108954","targetHints":{"allow":["GET"]}}],"collection":[{"href":"https:\/\/notitodo.com.mx\/wp\/wp-json\/wp\/v2\/posts"}],"about":[{"href":"https:\/\/notitodo.com.mx\/wp\/wp-json\/wp\/v2\/types\/post"}],"author":[{"embeddable":true,"href":"https:\/\/notitodo.com.mx\/wp\/wp-json\/wp\/v2\/users\/19"}],"replies":[{"embeddable":true,"href":"https:\/\/notitodo.com.mx\/wp\/wp-json\/wp\/v2\/comments?post=108954"}],"version-history":[{"count":2,"href":"https:\/\/notitodo.com.mx\/wp\/wp-json\/wp\/v2\/posts\/108954\/revisions"}],"predecessor-version":[{"id":108959,"href":"https:\/\/notitodo.com.mx\/wp\/wp-json\/wp\/v2\/posts\/108954\/revisions\/108959"}],"wp:featuredmedia":[{"embeddable":true,"href":"https:\/\/notitodo.com.mx\/wp\/wp-json\/wp\/v2\/media\/108957"}],"wp:attachment":[{"href":"https:\/\/notitodo.com.mx\/wp\/wp-json\/wp\/v2\/media?parent=108954"}],"wp:term":[{"taxonomy":"category","embeddable":true,"href":"https:\/\/notitodo.com.mx\/wp\/wp-json\/wp\/v2\/categories?post=108954"},{"taxonomy":"post_tag","embeddable":true,"href":"https:\/\/notitodo.com.mx\/wp\/wp-json\/wp\/v2\/tags?post=108954"}],"curies":[{"name":"wp","href":"https:\/\/api.w.org\/{rel}","templated":true}]}}