{"id":107793,"date":"2022-04-16T23:03:35","date_gmt":"2022-04-16T23:03:35","guid":{"rendered":"https:\/\/notitodo.com.mx\/wp\/?p=107793"},"modified":"2022-04-18T20:05:29","modified_gmt":"2022-04-18T20:05:29","slug":"ana-renteria-y-veronica-preciado-destacan-la-quimica-en-adelitas","status":"publish","type":"post","link":"https:\/\/notitodo.com.mx\/wp\/ana-renteria-y-veronica-preciado-destacan-la-quimica-en-adelitas\/","title":{"rendered":"ANA RENTER\u00cdA Y VER\u00d3NICA PRECIADO DESTACAN LA QU\u00cdMICA EN ADELITAS"},"content":{"rendered":"<p><strong><em>Chihuahua, Chih.<\/em><\/strong><em> \u2013<\/em> Las jugadoras de Adelitas de Chihuahua, Ver\u00f3nica Preciado y Ana Renter\u00eda coincidieron en la qu\u00edmica que se ha formado en el plantel, a una semana de iniciar la temporada regular 2022 de la Liga S\u00edsNova LNBP Femenil.<\/p>\n<p><!--more--><\/p>\n<p>Adem\u00e1s, destacaron el trabajo y compromiso que ha tenido la directiva dorada impulsando el baloncesto femenino en una de las plazas con mayor tradici\u00f3n en el deporte r\u00e1faga.<\/p>\n<p>&nbsp;<\/p>\n<p>\u201cEs una gran oportunidad para todas las mujeres que tenemos el poder pertenecer a un club y una liga que ya tiene este respaldo, una trayectoria\u201d, acentu\u00f3 la escolta Ana Renter\u00eda.<\/p>\n<p>&nbsp;<\/p>\n<p>Del mismo modo anex\u00f3: \u201cNo por nada le dicen la catedral del baloncesto, aqu\u00ed ha salido mucho talento en el b\u00e1squetbol mexicano y con un gran compromiso de tener buenos resultados\u201d.<\/p>\n<p>&nbsp;<\/p>\n<p>La experimentada jugadora que fue parte del representativo nacional en el Preol\u00edmpico Valdivia, Chile 2007, cuenta con su propia escuela junto a su esposo Isaac Guti\u00e9rrez, denominada \u201cAcademia de B\u00e1squetbol 57\u201d para ni\u00f1os y j\u00f3venes de 5 a 17 a\u00f1os. Ahora en esta nueva etapa, matiz\u00f3 la valiosa asociaci\u00f3n conformada en Adelitas desde la llegada de sus nuevas compa\u00f1eras.<\/p>\n<p>&nbsp;<\/p>\n<p>\u201cTenemos un muy buen grupo, es importante para crear la qu\u00edmica con el equipo\u201d, mencion\u00f3 Renter\u00eda.<\/p>\n<p>&nbsp;<\/p>\n<p>Por su parte, la guardia Ver\u00f3nica Preciado describi\u00f3 que la transici\u00f3n con el entrenador Sebasti\u00e1n Sucarrat ha sido sencilla, adem\u00e1s del apoyo mutuo en cuadro chihuahuense.<\/p>\n<p>&nbsp;<\/p>\n<p>\u201cMuy c\u00f3moda desde el primer d\u00eda que llegu\u00e9, me aceptaron como familia, estamos listas para competir el nivel m\u00e1s alto\u201d, manifest\u00f3.<\/p>\n<p>&nbsp;<\/p>\n<p>&nbsp;<\/p>\n<p>&nbsp;<\/p>\n<p>Egresada de la Universidad de San Francisco, Ver\u00f3nica explic\u00f3 su pasi\u00f3n por el futbol, deporte que practicaba antes de incursionar al b\u00e1squetbol, cuando opt\u00f3 por la duela en lugar del c\u00e9sped en la adolescencia, adquiriendo la experiencia y nivel en cada paso de su carrera evolucionando como jugadora.<\/p>\n<p>&nbsp;<\/p>\n<p>\u201cEra futbolista, me gustaba el futbol, pero a los 16 a\u00f1os conoc\u00ed a mi &#8216;mam\u00e1 del baloncesto&#8217;, ella es la que me ayud\u00f3\u2026 me sent\u00ed muy c\u00f3moda y aprend\u00ed m\u00e1s del b\u00e1squet\u201d, explic\u00f3.<\/p>\n<p>&nbsp;<\/p>\n<p>Preciado disput\u00f3 torneos profesionales en Sudam\u00e9rica con el equipo de Atlantas en Colombia y C.S.D. Audaz Octubrino de Ecuador, llegando ahora al representativo chihuahuense con la meta de plasmar su estilo.<\/p>\n<p>&nbsp;<\/p>\n<p>Adelitas abrir\u00e1 la temporada el s\u00e1bado 23 de abril en contra de Fuerza Regia en La Fortaleza a las 15:00 horas en serie de la Zona Norte.<\/p>\n<p>&nbsp;<\/p>\n<p>&nbsp;<\/p>\n<p><strong>Ver\u00f3nica Preciado<\/strong><\/p>\n<p><strong>#24<\/strong><\/p>\n<p>Posici\u00f3n: Guardia<\/p>\n<p>Edad: 25 a\u00f1os<\/p>\n<p>Lugar de nacimiento: Sacramento, California<\/p>\n<p>Universidad: San Francisco<\/p>\n<p>Estatura: 1.75 cm<\/p>\n<p>&nbsp;<\/p>\n<p><strong>Equipos:<\/strong><\/p>\n<p><strong>\u00a0<\/strong><\/p>\n<ul>\n<li>Atlantas \u2013 Colombia (2021)<\/li>\n<li>C.S.D. Audaz Octubrino &#8211; Ecuador (2021)<\/li>\n<\/ul>\n<p>&nbsp;<\/p>\n<p><strong>\u00a0<\/strong><\/p>\n<p><strong>Ana Renter\u00eda<\/strong><\/p>\n<p><strong>#57<\/strong><\/p>\n<p>Posici\u00f3n: Escolta<\/p>\n<p>Edad: 36 a\u00f1os<\/p>\n<p>Lugar de nacimiento: Chilpancingo, Guerrero<\/p>\n<p>Universidad: UPAEP Campus Tehuac\u00e1n<\/p>\n<p>&nbsp;<\/p>\n<p>&nbsp;<\/p>\n<p><strong>\u00a0<\/strong><\/p>\n<p><strong>\u00a0<\/strong><\/p>\n<p><strong>Equipos:<\/strong><\/p>\n<p>&nbsp;<\/p>\n<ul>\n<li>Nueceras del Estado de M\u00e9xico<\/li>\n<li>Acereras de San Luis Potos\u00ed<\/li>\n<li>Racers de Saltillo<\/li>\n<\/ul>\n","protected":false},"excerpt":{"rendered":"<p>Chihuahua, Chih. \u2013 Las jugadoras de Adelitas de Chihuahua, Ver\u00f3nica Preciado y Ana Renter\u00eda coincidieron en la qu\u00edmica que se ha formado en el plantel, a una semana de iniciar la temporada regular 2022 de la Liga S\u00edsNova LNBP Femenil.<\/p>\n","protected":false},"author":19,"featured_media":107795,"comment_status":"closed","ping_status":"open","sticky":false,"template":"","format":"standard","meta":{"footnotes":""},"categories":[4],"tags":[],"class_list":["post-107793","post","type-post","status-publish","format-standard","has-post-thumbnail","hentry","category-deportes"],"views":9,"_links":{"self":[{"href":"https:\/\/notitodo.com.mx\/wp\/wp-json\/wp\/v2\/posts\/107793","targetHints":{"allow":["GET"]}}],"collection":[{"href":"https:\/\/notitodo.com.mx\/wp\/wp-json\/wp\/v2\/posts"}],"about":[{"href":"https:\/\/notitodo.com.mx\/wp\/wp-json\/wp\/v2\/types\/post"}],"author":[{"embeddable":true,"href":"https:\/\/notitodo.com.mx\/wp\/wp-json\/wp\/v2\/users\/19"}],"replies":[{"embeddable":true,"href":"https:\/\/notitodo.com.mx\/wp\/wp-json\/wp\/v2\/comments?post=107793"}],"version-history":[{"count":1,"href":"https:\/\/notitodo.com.mx\/wp\/wp-json\/wp\/v2\/posts\/107793\/revisions"}],"predecessor-version":[{"id":107796,"href":"https:\/\/notitodo.com.mx\/wp\/wp-json\/wp\/v2\/posts\/107793\/revisions\/107796"}],"wp:featuredmedia":[{"embeddable":true,"href":"https:\/\/notitodo.com.mx\/wp\/wp-json\/wp\/v2\/media\/107795"}],"wp:attachment":[{"href":"https:\/\/notitodo.com.mx\/wp\/wp-json\/wp\/v2\/media?parent=107793"}],"wp:term":[{"taxonomy":"category","embeddable":true,"href":"https:\/\/notitodo.com.mx\/wp\/wp-json\/wp\/v2\/categories?post=107793"},{"taxonomy":"post_tag","embeddable":true,"href":"https:\/\/notitodo.com.mx\/wp\/wp-json\/wp\/v2\/tags?post=107793"}],"curies":[{"name":"wp","href":"https:\/\/api.w.org\/{rel}","templated":true}]}}